{"id":51554,"date":"2026-08-30T13:10:12","date_gmt":"2026-08-30T11:10:12","guid":{"rendered":"https:\/\/ive-international.com\/blog\/organiser-outils-nacelle\/"},"modified":"2026-08-30T21:07:48","modified_gmt":"2026-08-30T19:07:48","slug":"organiser-outils-nacelle","status":"publish","type":"post","link":"https:\/\/ive-international.com\/fr\/non-classifiee\/organiser-outils-nacelle\/","title":{"rendered":"Organiser les outils sur la nacelle\u00a0: plus de production, moins de risques"},"content":{"rendered":"","protected":false},"excerpt":{"rendered":"","protected":false},"author":2,"featured_media":51517,"comment_status":"closed","ping_status":"closed","sticky":false,"template":"","format":"standard","meta":{"_acf_changed":false,"footnotes":""},"categories":[693],"tags":[],"class_list":["post-51554","post","type-post","status-publish","format-standard","has-post-thumbnail","hentry","category-non-classifiee"],"acf":[],"yoast_head":"<!-- This site is optimized with the Yoast SEO plugin v28.2 - https:\/\/yoast.com\/product\/yoast-seo-wordpress\/ -->\n<title>Organiser les outils sur la nacelle | FoldOut<\/title>\n<meta name=\"description\" content=\"Outils au sol et allers-retours pour un outil tomb\u00e9\u00a0? Voici comment faire de votre nacelle un poste de travail s\u00fbr et efficace avec les accessoires FoldOut.\" \/>\n<meta name=\"robots\" content=\"index, follow, max-snippet:-1, max-image-preview:large, max-video-preview:-1\" \/>\n<link rel=\"canonical\" href=\"https:\/\/ive-international.com\/fr\/non-classifiee\/organiser-outils-nacelle\/\" \/>\n<meta property=\"og:locale\" content=\"fr_FR\" \/>\n<meta property=\"og:type\" content=\"article\" \/>\n<meta property=\"og:title\" content=\"Organiser les outils sur la nacelle | FoldOut\" \/>\n<meta property=\"og:description\" content=\"Outils au sol et allers-retours pour un outil tomb\u00e9\u00a0? Voici comment faire de votre nacelle un poste de travail s\u00fbr et efficace avec les accessoires FoldOut.\" \/>\n<meta property=\"og:url\" content=\"https:\/\/ive-international.com\/fr\/non-classifiee\/organiser-outils-nacelle\/\" \/>\n<meta property=\"og:site_name\" content=\"IVE International\" \/>\n<meta property=\"article:published_time\" content=\"2026-08-30T11:10:12+00:00\" \/>\n<meta property=\"article:modified_time\" content=\"2026-08-30T19:07:48+00:00\" \/>\n<meta property=\"og:image\" content=\"https:\/\/ive-international.com\/wp-content\/uploads\/2026\/08\/FoldOut-Tool-Trough-At-Height-400x300.png.webp\" \/>\n<meta name=\"author\" content=\"thomas\" \/>\n<meta name=\"twitter:card\" content=\"summary_large_image\" \/>\n<meta name=\"twitter:image\" content=\"https:\/\/ive-international.com\/wp-content\/uploads\/2026\/08\/FoldOut-Tool-Trough-At-Height-400x300.png.webp\" \/>\n<meta name=\"twitter:label1\" content=\"\u00c9crit par\" \/>\n\t<meta name=\"twitter:data1\" content=\"thomas\" \/>\n\t<meta name=\"twitter:label2\" content=\"Dur\u00e9e de lecture estim\u00e9e\" \/>\n\t<meta name=\"twitter:data2\" content=\"5 minutes\" \/>\n<script type=\"application\/ld+json\" class=\"yoast-schema-graph\">{\"@context\":\"https:\\\/\\\/schema.org\",\"@graph\":[{\"@type\":\"Article\",\"@id\":\"https:\\\/\\\/ive-international.com\\\/fr\\\/non-classifiee\\\/organiser-outils-nacelle\\\/#article\",\"isPartOf\":{\"@id\":\"https:\\\/\\\/ive-international.com\\\/fr\\\/non-classifiee\\\/organiser-outils-nacelle\\\/\"},\"author\":{\"name\":\"thomas\",\"@id\":\"https:\\\/\\\/ive-international.com\\\/fr\\\/#\\\/schema\\\/person\\\/c8195ce0f35a3f160f0e3bf8fa0cd2bb\"},\"headline\":\"Organiser les outils sur la nacelle\u00a0: plus de production, moins de risques\",\"datePublished\":\"2026-08-30T11:10:12+00:00\",\"dateModified\":\"2026-08-30T19:07:48+00:00\",\"mainEntityOfPage\":{\"@id\":\"https:\\\/\\\/ive-international.com\\\/fr\\\/non-classifiee\\\/organiser-outils-nacelle\\\/\"},\"wordCount\":12,\"publisher\":{\"@id\":\"https:\\\/\\\/ive-international.com\\\/fr\\\/#organization\"},\"image\":{\"@id\":\"https:\\\/\\\/ive-international.com\\\/fr\\\/non-classifiee\\\/organiser-outils-nacelle\\\/#primaryimage\"},\"thumbnailUrl\":\"https:\\\/\\\/ive-international.com\\\/wp-content\\\/uploads\\\/2026\\\/08\\\/FoldOut-Tool-Trough-At-Height-400x300.png.webp\",\"articleSection\":[\"Non classifi\u00e9(e)\"],\"inLanguage\":\"fr-FR\"},{\"@type\":\"WebPage\",\"@id\":\"https:\\\/\\\/ive-international.com\\\/fr\\\/non-classifiee\\\/organiser-outils-nacelle\\\/\",\"url\":\"https:\\\/\\\/ive-international.com\\\/fr\\\/non-classifiee\\\/organiser-outils-nacelle\\\/\",\"name\":\"Organiser les outils sur la nacelle | FoldOut\",\"isPartOf\":{\"@id\":\"https:\\\/\\\/ive-international.com\\\/fr\\\/#website\"},\"primaryImageOfPage\":{\"@id\":\"https:\\\/\\\/ive-international.com\\\/fr\\\/non-classifiee\\\/organiser-outils-nacelle\\\/#primaryimage\"},\"image\":{\"@id\":\"https:\\\/\\\/ive-international.com\\\/fr\\\/non-classifiee\\\/organiser-outils-nacelle\\\/#primaryimage\"},\"thumbnailUrl\":\"https:\\\/\\\/ive-international.com\\\/wp-content\\\/uploads\\\/2026\\\/08\\\/FoldOut-Tool-Trough-At-Height-400x300.png.webp\",\"datePublished\":\"2026-08-30T11:10:12+00:00\",\"dateModified\":\"2026-08-30T19:07:48+00:00\",\"description\":\"Outils au sol et allers-retours pour un outil tomb\u00e9\u00a0? Voici comment faire de votre nacelle un poste de travail s\u00fbr et efficace avec les accessoires FoldOut.\",\"breadcrumb\":{\"@id\":\"https:\\\/\\\/ive-international.com\\\/fr\\\/non-classifiee\\\/organiser-outils-nacelle\\\/#breadcrumb\"},\"inLanguage\":\"fr-FR\",\"potentialAction\":[{\"@type\":\"ReadAction\",\"target\":[\"https:\\\/\\\/ive-international.com\\\/fr\\\/non-classifiee\\\/organiser-outils-nacelle\\\/\"]}]},{\"@type\":\"ImageObject\",\"inLanguage\":\"fr-FR\",\"@id\":\"https:\\\/\\\/ive-international.com\\\/fr\\\/non-classifiee\\\/organiser-outils-nacelle\\\/#primaryimage\",\"url\":\"https:\\\/\\\/ive-international.com\\\/wp-content\\\/uploads\\\/2026\\\/08\\\/FoldOut-Tool-Trough-At-Height-400x300.png.webp\",\"contentUrl\":\"https:\\\/\\\/ive-international.com\\\/wp-content\\\/uploads\\\/2026\\\/08\\\/FoldOut-Tool-Trough-At-Height-400x300.png.webp\",\"width\":400,\"height\":300},{\"@type\":\"BreadcrumbList\",\"@id\":\"https:\\\/\\\/ive-international.com\\\/fr\\\/non-classifiee\\\/organiser-outils-nacelle\\\/#breadcrumb\",\"itemListElement\":[{\"@type\":\"ListItem\",\"position\":1,\"name\":\"Home\",\"item\":\"https:\\\/\\\/ive-international.com\\\/fr\\\/\"},{\"@type\":\"ListItem\",\"position\":2,\"name\":\"Organiser les outils sur la nacelle\u00a0: plus de production, moins de risques\"}]},{\"@type\":\"WebSite\",\"@id\":\"https:\\\/\\\/ive-international.com\\\/fr\\\/#website\",\"url\":\"https:\\\/\\\/ive-international.com\\\/fr\\\/\",\"name\":\"IVE International\",\"description\":\"\",\"publisher\":{\"@id\":\"https:\\\/\\\/ive-international.com\\\/fr\\\/#organization\"},\"potentialAction\":[{\"@type\":\"SearchAction\",\"target\":{\"@type\":\"EntryPoint\",\"urlTemplate\":\"https:\\\/\\\/ive-international.com\\\/fr\\\/?s={search_term_string}\"},\"query-input\":{\"@type\":\"PropertyValueSpecification\",\"valueRequired\":true,\"valueName\":\"search_term_string\"}}],\"inLanguage\":\"fr-FR\"},{\"@type\":\"Organization\",\"@id\":\"https:\\\/\\\/ive-international.com\\\/fr\\\/#organization\",\"name\":\"IVE International\",\"url\":\"https:\\\/\\\/ive-international.com\\\/fr\\\/\",\"logo\":{\"@type\":\"ImageObject\",\"inLanguage\":\"fr-FR\",\"@id\":\"https:\\\/\\\/ive-international.com\\\/fr\\\/#\\\/schema\\\/logo\\\/image\\\/\",\"url\":\"https:\\\/\\\/ive-international.com\\\/wp-content\\\/uploads\\\/2025\\\/02\\\/ive-international.png\",\"contentUrl\":\"https:\\\/\\\/ive-international.com\\\/wp-content\\\/uploads\\\/2025\\\/02\\\/ive-international.png\",\"width\":480,\"height\":140,\"caption\":\"IVE International\"},\"image\":{\"@id\":\"https:\\\/\\\/ive-international.com\\\/fr\\\/#\\\/schema\\\/logo\\\/image\\\/\"}},{\"@type\":\"Person\",\"@id\":\"https:\\\/\\\/ive-international.com\\\/fr\\\/#\\\/schema\\\/person\\\/c8195ce0f35a3f160f0e3bf8fa0cd2bb\",\"name\":\"thomas\",\"image\":{\"@type\":\"ImageObject\",\"inLanguage\":\"fr-FR\",\"@id\":\"https:\\\/\\\/ive-international.com\\\/wp-content\\\/litespeed\\\/avatar\\\/c65f5deb4fb773e8fc6d9d5cdca8006a.jpg?ver=1787742833\",\"url\":\"https:\\\/\\\/ive-international.com\\\/wp-content\\\/litespeed\\\/avatar\\\/c65f5deb4fb773e8fc6d9d5cdca8006a.jpg?ver=1787742833\",\"contentUrl\":\"https:\\\/\\\/ive-international.com\\\/wp-content\\\/litespeed\\\/avatar\\\/c65f5deb4fb773e8fc6d9d5cdca8006a.jpg?ver=1787742833\",\"caption\":\"thomas\"}}]}<\/script>\n<!-- \/ Yoast SEO plugin. -->","yoast_head_json":{"title":"Organiser les outils sur la nacelle | FoldOut","description":"Outils au sol et allers-retours pour un outil tomb\u00e9\u00a0? Voici comment faire de votre nacelle un poste de travail s\u00fbr et efficace avec les accessoires FoldOut.","robots":{"index":"index","follow":"follow","max-snippet":"max-snippet:-1","max-image-preview":"max-image-preview:large","max-video-preview":"max-video-preview:-1"},"canonical":"https:\/\/ive-international.com\/fr\/non-classifiee\/organiser-outils-nacelle\/","og_locale":"fr_FR","og_type":"article","og_title":"Organiser les outils sur la nacelle | FoldOut","og_description":"Outils au sol et allers-retours pour un outil tomb\u00e9\u00a0? Voici comment faire de votre nacelle un poste de travail s\u00fbr et efficace avec les accessoires FoldOut.","og_url":"https:\/\/ive-international.com\/fr\/non-classifiee\/organiser-outils-nacelle\/","og_site_name":"IVE International","article_published_time":"2026-08-30T11:10:12+00:00","article_modified_time":"2026-08-30T19:07:48+00:00","og_image":[{"url":"https:\/\/ive-international.com\/wp-content\/uploads\/2026\/08\/FoldOut-Tool-Trough-At-Height-400x300.png.webp","type":"","width":"","height":""}],"author":"thomas","twitter_card":"summary_large_image","twitter_image":"https:\/\/ive-international.com\/wp-content\/uploads\/2026\/08\/FoldOut-Tool-Trough-At-Height-400x300.png.webp","twitter_misc":{"\u00c9crit par":"thomas","Dur\u00e9e de lecture estim\u00e9e":"5 minutes"},"schema":{"@context":"https:\/\/schema.org","@graph":[{"@type":"Article","@id":"https:\/\/ive-international.com\/fr\/non-classifiee\/organiser-outils-nacelle\/#article","isPartOf":{"@id":"https:\/\/ive-international.com\/fr\/non-classifiee\/organiser-outils-nacelle\/"},"author":{"name":"thomas","@id":"https:\/\/ive-international.com\/fr\/#\/schema\/person\/c8195ce0f35a3f160f0e3bf8fa0cd2bb"},"headline":"Organiser les outils sur la nacelle\u00a0: plus de production, moins de risques","datePublished":"2026-08-30T11:10:12+00:00","dateModified":"2026-08-30T19:07:48+00:00","mainEntityOfPage":{"@id":"https:\/\/ive-international.com\/fr\/non-classifiee\/organiser-outils-nacelle\/"},"wordCount":12,"publisher":{"@id":"https:\/\/ive-international.com\/fr\/#organization"},"image":{"@id":"https:\/\/ive-international.com\/fr\/non-classifiee\/organiser-outils-nacelle\/#primaryimage"},"thumbnailUrl":"https:\/\/ive-international.com\/wp-content\/uploads\/2026\/08\/FoldOut-Tool-Trough-At-Height-400x300.png.webp","articleSection":["Non classifi\u00e9(e)"],"inLanguage":"fr-FR"},{"@type":"WebPage","@id":"https:\/\/ive-international.com\/fr\/non-classifiee\/organiser-outils-nacelle\/","url":"https:\/\/ive-international.com\/fr\/non-classifiee\/organiser-outils-nacelle\/","name":"Organiser les outils sur la nacelle | FoldOut","isPartOf":{"@id":"https:\/\/ive-international.com\/fr\/#website"},"primaryImageOfPage":{"@id":"https:\/\/ive-international.com\/fr\/non-classifiee\/organiser-outils-nacelle\/#primaryimage"},"image":{"@id":"https:\/\/ive-international.com\/fr\/non-classifiee\/organiser-outils-nacelle\/#primaryimage"},"thumbnailUrl":"https:\/\/ive-international.com\/wp-content\/uploads\/2026\/08\/FoldOut-Tool-Trough-At-Height-400x300.png.webp","datePublished":"2026-08-30T11:10:12+00:00","dateModified":"2026-08-30T19:07:48+00:00","description":"Outils au sol et allers-retours pour un outil tomb\u00e9\u00a0? Voici comment faire de votre nacelle un poste de travail s\u00fbr et efficace avec les accessoires FoldOut.","breadcrumb":{"@id":"https:\/\/ive-international.com\/fr\/non-classifiee\/organiser-outils-nacelle\/#breadcrumb"},"inLanguage":"fr-FR","potentialAction":[{"@type":"ReadAction","target":["https:\/\/ive-international.com\/fr\/non-classifiee\/organiser-outils-nacelle\/"]}]},{"@type":"ImageObject","inLanguage":"fr-FR","@id":"https:\/\/ive-international.com\/fr\/non-classifiee\/organiser-outils-nacelle\/#primaryimage","url":"https:\/\/ive-international.com\/wp-content\/uploads\/2026\/08\/FoldOut-Tool-Trough-At-Height-400x300.png.webp","contentUrl":"https:\/\/ive-international.com\/wp-content\/uploads\/2026\/08\/FoldOut-Tool-Trough-At-Height-400x300.png.webp","width":400,"height":300},{"@type":"BreadcrumbList","@id":"https:\/\/ive-international.com\/fr\/non-classifiee\/organiser-outils-nacelle\/#breadcrumb","itemListElement":[{"@type":"ListItem","position":1,"name":"Home","item":"https:\/\/ive-international.com\/fr\/"},{"@type":"ListItem","position":2,"name":"Organiser les outils sur la nacelle\u00a0: plus de production, moins de risques"}]},{"@type":"WebSite","@id":"https:\/\/ive-international.com\/fr\/#website","url":"https:\/\/ive-international.com\/fr\/","name":"IVE International","description":"","publisher":{"@id":"https:\/\/ive-international.com\/fr\/#organization"},"potentialAction":[{"@type":"SearchAction","target":{"@type":"EntryPoint","urlTemplate":"https:\/\/ive-international.com\/fr\/?s={search_term_string}"},"query-input":{"@type":"PropertyValueSpecification","valueRequired":true,"valueName":"search_term_string"}}],"inLanguage":"fr-FR"},{"@type":"Organization","@id":"https:\/\/ive-international.com\/fr\/#organization","name":"IVE International","url":"https:\/\/ive-international.com\/fr\/","logo":{"@type":"ImageObject","inLanguage":"fr-FR","@id":"https:\/\/ive-international.com\/fr\/#\/schema\/logo\/image\/","url":"https:\/\/ive-international.com\/wp-content\/uploads\/2025\/02\/ive-international.png","contentUrl":"https:\/\/ive-international.com\/wp-content\/uploads\/2025\/02\/ive-international.png","width":480,"height":140,"caption":"IVE International"},"image":{"@id":"https:\/\/ive-international.com\/fr\/#\/schema\/logo\/image\/"}},{"@type":"Person","@id":"https:\/\/ive-international.com\/fr\/#\/schema\/person\/c8195ce0f35a3f160f0e3bf8fa0cd2bb","name":"thomas","image":{"@type":"ImageObject","inLanguage":"fr-FR","@id":"https:\/\/ive-international.com\/wp-content\/litespeed\/avatar\/c65f5deb4fb773e8fc6d9d5cdca8006a.jpg?ver=1787742833","url":"https:\/\/ive-international.com\/wp-content\/litespeed\/avatar\/c65f5deb4fb773e8fc6d9d5cdca8006a.jpg?ver=1787742833","contentUrl":"https:\/\/ive-international.com\/wp-content\/litespeed\/avatar\/c65f5deb4fb773e8fc6d9d5cdca8006a.jpg?ver=1787742833","caption":"thomas"}}]}},"_links":{"self":[{"href":"https:\/\/ive-international.com\/fr\/wp-json\/wp\/v2\/posts\/51554","targetHints":{"allow":["GET"]}}],"collection":[{"href":"https:\/\/ive-international.com\/fr\/wp-json\/wp\/v2\/posts"}],"about":[{"href":"https:\/\/ive-international.com\/fr\/wp-json\/wp\/v2\/types\/post"}],"author":[{"embeddable":true,"href":"https:\/\/ive-international.com\/fr\/wp-json\/wp\/v2\/users\/2"}],"replies":[{"embeddable":true,"href":"https:\/\/ive-international.com\/fr\/wp-json\/wp\/v2\/comments?post=51554"}],"version-history":[{"count":1,"href":"https:\/\/ive-international.com\/fr\/wp-json\/wp\/v2\/posts\/51554\/revisions"}],"predecessor-version":[{"id":51558,"href":"https:\/\/ive-international.com\/fr\/wp-json\/wp\/v2\/posts\/51554\/revisions\/51558"}],"wp:featuredmedia":[{"embeddable":true,"href":"https:\/\/ive-international.com\/fr\/wp-json\/wp\/v2\/media\/51517"}],"wp:attachment":[{"href":"https:\/\/ive-international.com\/fr\/wp-json\/wp\/v2\/media?parent=51554"}],"wp:term":[{"taxonomy":"category","embeddable":true,"href":"https:\/\/ive-international.com\/fr\/wp-json\/wp\/v2\/categories?post=51554"},{"taxonomy":"post_tag","embeddable":true,"href":"https:\/\/ive-international.com\/fr\/wp-json\/wp\/v2\/tags?post=51554"}],"curies":[{"name":"wp","href":"https:\/\/api.w.org\/{rel}","templated":true}]}}